{"id":21958,"date":"2026-02-06T22:59:00","date_gmt":"2026-02-06T22:59:00","guid":{"rendered":"https:\/\/solfmdigital.com\/pasionfm\/?p=21958"},"modified":"2026-02-06T22:59:00","modified_gmt":"2026-02-06T22:59:00","slug":"kali-uchis-anuncia-gira-por-mexico-en-2026-con-the-sincerely-tour","status":"publish","type":"post","link":"https:\/\/solfmdigital.com\/pasionfm\/kali-uchis-anuncia-gira-por-mexico-en-2026-con-the-sincerely-tour\/","title":{"rendered":"Kali Uchis anuncia gira por M\u00e9xico en 2026 con The Sincerely, Tour"},"content":{"rendered":"\n<p>La artista global y ganadora del GRAMMY\u00ae, Kali Uchis, confirm\u00f3 su regreso a M\u00e9xico como parte de la etapa latinoamericana de su esperada gira The Sincerely, Tour, con la que presentar\u00e1 su nuevo material discogr\u00e1fico Sincerely: P.S..<\/p>\n\n\n\n<p>Tras conquistar Norteam\u00e9rica con 29 shows completamente agotados y m\u00e1s de 300 mil asistentes, la cantante colombo-estadounidense traer\u00e1 su mezcla \u00fanica de soul, pop alternativo, R&amp;B y ritmos latinos a los escenarios m\u00e1s importantes del continente.<\/p>\n\n\n\n<p>La gira, producida por Live Nation, comenzar\u00e1 el 8 de febrero de 2026 en S\u00e3o Paulo, Brasil, y concluir\u00e1 con tres grandes fechas en M\u00e9xico, siendo el Palacio de los Deportes de la Ciudad de M\u00e9xico el punto final de este recorrido el mi\u00e9rcoles 25 de febrero de 2026.<\/p>\n\n\n\n<p>\ud83d\udccd Fechas en M\u00e9xico:<\/p>\n\n\n\n<p>21 de febrero \u2013 Monterrey, NL \u2013 Auditorio Banamex<\/p>\n\n\n\n<p>22 de febrero \u2013 Guadalajara, JAL \u2013 Auditorio Telmex<\/p>\n\n\n\n<p>25 de febrero \u2013 Ciudad de M\u00e9xico \u2013 Palacio de los Deportes<\/p>\n\n\n\n<p>\ud83c\udf9f\ufe0f Boletos y preventa:<br>Los boletos estar\u00e1n disponibles a trav\u00e9s de KaliUchis.com y Ticketmaster.<br>La Preventa Citibanamex comenzar\u00e1 el 24 de octubre de 2025, mientras que la venta general se abrir\u00e1 el 25 de octubre tanto en l\u00ednea como en taquillas del recinto.<\/p>\n","protected":false},"excerpt":{"rendered":"<p>La artista global y ganadora del GRAMMY\u00ae, Kali Uchis, confirm\u00f3 su regreso a M\u00e9xico como parte de la etapa latinoamericana de su esperada gira The Sincerely, Tour, con la que&hellip;<\/p>\n","protected":false},"author":1,"featured_media":21959,"comment_status":"open","ping_status":"open","sticky":false,"template":"","format":"standard","meta":{"footnotes":""},"categories":[1],"tags":[],"class_list":["post-21958","post","type-post","status-publish","format-standard","has-post-thumbnail","hentry","category-uncategorized"],"_links":{"self":[{"href":"https:\/\/solfmdigital.com\/pasionfm\/wp-json\/wp\/v2\/posts\/21958","targetHints":{"allow":["GET"]}}],"collection":[{"href":"https:\/\/solfmdigital.com\/pasionfm\/wp-json\/wp\/v2\/posts"}],"about":[{"href":"https:\/\/solfmdigital.com\/pasionfm\/wp-json\/wp\/v2\/types\/post"}],"author":[{"embeddable":true,"href":"https:\/\/solfmdigital.com\/pasionfm\/wp-json\/wp\/v2\/users\/1"}],"replies":[{"embeddable":true,"href":"https:\/\/solfmdigital.com\/pasionfm\/wp-json\/wp\/v2\/comments?post=21958"}],"version-history":[{"count":1,"href":"https:\/\/solfmdigital.com\/pasionfm\/wp-json\/wp\/v2\/posts\/21958\/revisions"}],"predecessor-version":[{"id":21960,"href":"https:\/\/solfmdigital.com\/pasionfm\/wp-json\/wp\/v2\/posts\/21958\/revisions\/21960"}],"wp:featuredmedia":[{"embeddable":true,"href":"https:\/\/solfmdigital.com\/pasionfm\/wp-json\/wp\/v2\/media\/21959"}],"wp:attachment":[{"href":"https:\/\/solfmdigital.com\/pasionfm\/wp-json\/wp\/v2\/media?parent=21958"}],"wp:term":[{"taxonomy":"category","embeddable":true,"href":"https:\/\/solfmdigital.com\/pasionfm\/wp-json\/wp\/v2\/categories?post=21958"},{"taxonomy":"post_tag","embeddable":true,"href":"https:\/\/solfmdigital.com\/pasionfm\/wp-json\/wp\/v2\/tags?post=21958"}],"curies":[{"name":"wp","href":"https:\/\/api.w.org\/{rel}","templated":true}]}}