{"id":21961,"date":"2026-02-06T23:00:26","date_gmt":"2026-02-06T23:00:26","guid":{"rendered":"https:\/\/solfmdigital.com\/pasionfm\/?p=21961"},"modified":"2026-02-06T23:00:27","modified_gmt":"2026-02-06T23:00:27","slug":"nelly-furtado-anuncia-su-retiro-de-los-escenarios-tras-25-anos-de-carrera","status":"publish","type":"post","link":"https:\/\/solfmdigital.com\/pasionfm\/nelly-furtado-anuncia-su-retiro-de-los-escenarios-tras-25-anos-de-carrera\/","title":{"rendered":"Nelly Furtado anuncia su retiro de los escenarios tras 25 a\u00f1os de carrera"},"content":{"rendered":"\n<p>La cantante canadiense Nelly Furtado sorprendi\u00f3 al anunciar su retiro de los escenarios, justo al cumplirse 25 a\u00f1os de su \u00e1lbum debut Whoa, Nelly!. En un mensaje publicado en sus redes sociales, la int\u00e9rprete de \u201cI\u2019m Like a Bird\u201d agradeci\u00f3 a sus fans y colaboradores por acompa\u00f1arla durante su trayectoria y explic\u00f3 que se dedicar\u00e1 a nuevos proyectos personales y creativos. Aunque no mencion\u00f3 las recientes cr\u00edticas por su cambio f\u00edsico, su decisi\u00f3n llega tras meses de ataques en redes sociales. \u201cHe disfrutado much\u00edsimo de mi carrera y sigo amando componer m\u00fasica. Siempre me identificar\u00e9 como compositora\u201d, escribi\u00f3 la artista de 46 a\u00f1os. Con esto, Furtado cierra un ciclo musical que marc\u00f3 a toda una generaci\u00f3n.<\/p>\n","protected":false},"excerpt":{"rendered":"<p>La cantante canadiense Nelly Furtado sorprendi\u00f3 al anunciar su retiro de los escenarios, justo al cumplirse 25 a\u00f1os de su \u00e1lbum debut Whoa, Nelly!. En un mensaje publicado en sus&hellip;<\/p>\n","protected":false},"author":1,"featured_media":21962,"comment_status":"open","ping_status":"open","sticky":false,"template":"","format":"standard","meta":{"footnotes":""},"categories":[1],"tags":[],"class_list":["post-21961","post","type-post","status-publish","format-standard","has-post-thumbnail","hentry","category-uncategorized"],"_links":{"self":[{"href":"https:\/\/solfmdigital.com\/pasionfm\/wp-json\/wp\/v2\/posts\/21961","targetHints":{"allow":["GET"]}}],"collection":[{"href":"https:\/\/solfmdigital.com\/pasionfm\/wp-json\/wp\/v2\/posts"}],"about":[{"href":"https:\/\/solfmdigital.com\/pasionfm\/wp-json\/wp\/v2\/types\/post"}],"author":[{"embeddable":true,"href":"https:\/\/solfmdigital.com\/pasionfm\/wp-json\/wp\/v2\/users\/1"}],"replies":[{"embeddable":true,"href":"https:\/\/solfmdigital.com\/pasionfm\/wp-json\/wp\/v2\/comments?post=21961"}],"version-history":[{"count":1,"href":"https:\/\/solfmdigital.com\/pasionfm\/wp-json\/wp\/v2\/posts\/21961\/revisions"}],"predecessor-version":[{"id":21963,"href":"https:\/\/solfmdigital.com\/pasionfm\/wp-json\/wp\/v2\/posts\/21961\/revisions\/21963"}],"wp:featuredmedia":[{"embeddable":true,"href":"https:\/\/solfmdigital.com\/pasionfm\/wp-json\/wp\/v2\/media\/21962"}],"wp:attachment":[{"href":"https:\/\/solfmdigital.com\/pasionfm\/wp-json\/wp\/v2\/media?parent=21961"}],"wp:term":[{"taxonomy":"category","embeddable":true,"href":"https:\/\/solfmdigital.com\/pasionfm\/wp-json\/wp\/v2\/categories?post=21961"},{"taxonomy":"post_tag","embeddable":true,"href":"https:\/\/solfmdigital.com\/pasionfm\/wp-json\/wp\/v2\/tags?post=21961"}],"curies":[{"name":"wp","href":"https:\/\/api.w.org\/{rel}","templated":true}]}}