{"id":22028,"date":"2026-02-09T16:37:45","date_gmt":"2026-02-09T16:37:45","guid":{"rendered":"https:\/\/solfmdigital.com\/pasionfm\/?p=22028"},"modified":"2026-02-09T16:38:24","modified_gmt":"2026-02-09T16:38:24","slug":"laura-flores-sorprende-con-radical-cambio-de-imagen-y-enciende-las-redes","status":"publish","type":"post","link":"https:\/\/solfmdigital.com\/pasionfm\/laura-flores-sorprende-con-radical-cambio-de-imagen-y-enciende-las-redes\/","title":{"rendered":"Laura Flores sorprende con radical cambio de imagen y enciende las redes"},"content":{"rendered":"\n<p>Laura Flores volvi\u00f3 a colocarse en el centro de la conversaci\u00f3n p\u00fablica, esta vez por un impactante cambio de imagen que muchos califican como rejuvenecedor. La actriz y cantante, de 61 a\u00f1os, dej\u00f3 atr\u00e1s el rubio platinado que la caracteriz\u00f3 durante a\u00f1os y reapareci\u00f3 con una cabellera casta\u00f1a oscura que resalt\u00f3 sus facciones y desat\u00f3 todo tipo de reacciones. Las im\u00e1genes, compartidas en su cuenta de Instagram tras concluir la telenovela Los hilos del pasado, se viralizaron r\u00e1pidamente. Sus seguidores no tardaron en comentar: desde halagos como \u201cte ves espectacular\u201d y \u201cm\u00e1s guapa que nunca\u201d, hasta preguntas curiosas que insinuaban si el cambio iba m\u00e1s all\u00e1 de lo est\u00e9tico. Este nuevo look llega despu\u00e9s de un 2025 intenso para la actriz, marcado por la atenci\u00f3n medi\u00e1tica a su vida personal tras su ruptura con el periodista Lalo Salazar. Para muchos, la transformaci\u00f3n representa un cierre de ciclos y el inicio de una nueva etapa. Hasta el momento, Laura Flores no ha confirmado si el cambio responde a motivos personales o si forma parte de la preparaci\u00f3n para un nuevo proyecto profesional. Mientras tanto, su renovada imagen sigue dando de qu\u00e9 hablar y reafirma su vigencia en el gusto del p\u00fablico.<\/p>\n","protected":false},"excerpt":{"rendered":"<p>Laura Flores volvi\u00f3 a colocarse en el centro de la conversaci\u00f3n p\u00fablica, esta vez por un impactante cambio de imagen que muchos califican como rejuvenecedor. La actriz y cantante, de&hellip;<\/p>\n","protected":false},"author":1,"featured_media":22029,"comment_status":"open","ping_status":"open","sticky":false,"template":"","format":"standard","meta":{"footnotes":""},"categories":[1],"tags":[],"class_list":["post-22028","post","type-post","status-publish","format-standard","has-post-thumbnail","hentry","category-uncategorized"],"_links":{"self":[{"href":"https:\/\/solfmdigital.com\/pasionfm\/wp-json\/wp\/v2\/posts\/22028","targetHints":{"allow":["GET"]}}],"collection":[{"href":"https:\/\/solfmdigital.com\/pasionfm\/wp-json\/wp\/v2\/posts"}],"about":[{"href":"https:\/\/solfmdigital.com\/pasionfm\/wp-json\/wp\/v2\/types\/post"}],"author":[{"embeddable":true,"href":"https:\/\/solfmdigital.com\/pasionfm\/wp-json\/wp\/v2\/users\/1"}],"replies":[{"embeddable":true,"href":"https:\/\/solfmdigital.com\/pasionfm\/wp-json\/wp\/v2\/comments?post=22028"}],"version-history":[{"count":1,"href":"https:\/\/solfmdigital.com\/pasionfm\/wp-json\/wp\/v2\/posts\/22028\/revisions"}],"predecessor-version":[{"id":22030,"href":"https:\/\/solfmdigital.com\/pasionfm\/wp-json\/wp\/v2\/posts\/22028\/revisions\/22030"}],"wp:featuredmedia":[{"embeddable":true,"href":"https:\/\/solfmdigital.com\/pasionfm\/wp-json\/wp\/v2\/media\/22029"}],"wp:attachment":[{"href":"https:\/\/solfmdigital.com\/pasionfm\/wp-json\/wp\/v2\/media?parent=22028"}],"wp:term":[{"taxonomy":"category","embeddable":true,"href":"https:\/\/solfmdigital.com\/pasionfm\/wp-json\/wp\/v2\/categories?post=22028"},{"taxonomy":"post_tag","embeddable":true,"href":"https:\/\/solfmdigital.com\/pasionfm\/wp-json\/wp\/v2\/tags?post=22028"}],"curies":[{"name":"wp","href":"https:\/\/api.w.org\/{rel}","templated":true}]}}