{"id":22117,"date":"2026-02-26T19:26:00","date_gmt":"2026-02-26T19:26:00","guid":{"rendered":"http:\/\/solfmdigital.com\/pasionfm\/?guid=f9e3b2fb3928c123813814cefa2332ca"},"modified":"2026-03-02T23:07:00","modified_gmt":"2026-03-02T23:07:00","slug":"%f0%9f%8e%a4-historico-regreso-ricardo-montaner-inicia-su-gira-mundial-con-doble-sold-out-en-buenos-aires","status":"publish","type":"post","link":"https:\/\/solfmdigital.com\/pasionfm\/%f0%9f%8e%a4-historico-regreso-ricardo-montaner-inicia-su-gira-mundial-con-doble-sold-out-en-buenos-aires\/","title":{"rendered":"\ud83c\udfa4 Hist\u00f3rico regreso: Ricardo Montaner inicia su gira mundial con doble sold out en Buenos Aires"},"content":{"rendered":"<p>El cantante volvi\u00f3 a los escenarios con el arranque de su gira \u201cEl \u00daltimo Regreso Tour 2026\u201d, logrando dos conciertos totalmente agotados en el Movistar Arena, bajo la producci\u00f3n de Fenix Entertainment.<\/p>\n<p>Tras m\u00e1s de dos a\u00f1os alejado del p\u00fablico, Montaner regres\u00f3 con un espect\u00e1culo que celebra m\u00e1s de cuatro d\u00e9cadas de trayectoria. La noche inici\u00f3 con \u201cYo Que Te Am\u00e9\u201d y continu\u00f3 con \u00e9xitos como \u201cSer\u00e1\u201d, \u201cCastillo Azul\u201d, \u201cLa Cima del Cielo\u201d y \u201cEl Poder de Tu Amor\u201d, desatando la emoci\u00f3n de miles de fans.<\/p>\n<p>Uno de los momentos m\u00e1s emotivos fue el homenaje a Venezuela y la sorpresa final cuando sus hijos Mau y Ricky, Evaluna Montaner y su yerno Camilo subieron al escenario para interpretar \u201cAm\u00e9n\u201d. El cierre lleg\u00f3 con \u201cTan Enamorados\u201d, coronando m\u00e1s de dos horas de show en lo que ya es considerado uno de los regresos m\u00e1s esperados del pop rom\u00e1ntico en espa\u00f1ol.<\/p>\n<div class=\"separator\" style=\"clear: both;\"><a href=\"https:\/\/blogger.googleusercontent.com\/img\/b\/R29vZ2xl\/AVvXsEivRSEJqH3FS85dNmRoERNXMKayCvwtZOmSzCsZGl7iMQvyag1MgqRSAFj4j0OObogAa72Mc4GjVfKSeMpjkJRf1Rq9o6V0Fal55u8MpxRa2pC0Yhmvfxl4JVK6n01Xwek3cKd0ud_Q5DY_6nIJKwqKS6Gt1eo_o01fOhG2tnnOlM-QdsrrV8NR74nGMB6S\/s1600\/WhatsApp%20Image%202026-02-26%20at%2011.14.17%20AM.jpeg\" style=\"display: block; padding: 1em 0; text-align: center; \"><img decoding=\"async\" alt=\"\" border=\"0\" height=\"320\" data-original-height=\"1600\" data-original-width=\"1066\" src=\"https:\/\/blogger.googleusercontent.com\/img\/b\/R29vZ2xl\/AVvXsEivRSEJqH3FS85dNmRoERNXMKayCvwtZOmSzCsZGl7iMQvyag1MgqRSAFj4j0OObogAa72Mc4GjVfKSeMpjkJRf1Rq9o6V0Fal55u8MpxRa2pC0Yhmvfxl4JVK6n01Xwek3cKd0ud_Q5DY_6nIJKwqKS6Gt1eo_o01fOhG2tnnOlM-QdsrrV8NR74nGMB6S\/s1600\/WhatsApp%20Image%202026-02-26%20at%2011.14.17%20AM.jpeg\"\/><\/a><\/div>\n","protected":false},"excerpt":{"rendered":"<p>El cantante volvi\u00f3 a los escenarios con el arranque de su gira \u201cEl \u00daltimo Regreso Tour 2026\u201d, logrando dos conciertos totalmente agotados en el Movistar Arena, bajo la producci\u00f3n de Fenix Entertainment.<\/p>\n<p>Tras m\u00e1s de dos a\u00f1os alejado del p\u00fablico, Montan&#8230;<\/p>\n","protected":false},"author":2,"featured_media":22118,"comment_status":"closed","ping_status":"closed","sticky":false,"template":"","format":"standard","meta":{"footnotes":""},"categories":[1],"tags":[],"class_list":["post-22117","post","type-post","status-publish","format-standard","has-post-thumbnail","hentry","category-uncategorized"],"_links":{"self":[{"href":"https:\/\/solfmdigital.com\/pasionfm\/wp-json\/wp\/v2\/posts\/22117","targetHints":{"allow":["GET"]}}],"collection":[{"href":"https:\/\/solfmdigital.com\/pasionfm\/wp-json\/wp\/v2\/posts"}],"about":[{"href":"https:\/\/solfmdigital.com\/pasionfm\/wp-json\/wp\/v2\/types\/post"}],"author":[{"embeddable":true,"href":"https:\/\/solfmdigital.com\/pasionfm\/wp-json\/wp\/v2\/users\/2"}],"replies":[{"embeddable":true,"href":"https:\/\/solfmdigital.com\/pasionfm\/wp-json\/wp\/v2\/comments?post=22117"}],"version-history":[{"count":1,"href":"https:\/\/solfmdigital.com\/pasionfm\/wp-json\/wp\/v2\/posts\/22117\/revisions"}],"predecessor-version":[{"id":22119,"href":"https:\/\/solfmdigital.com\/pasionfm\/wp-json\/wp\/v2\/posts\/22117\/revisions\/22119"}],"wp:featuredmedia":[{"embeddable":true,"href":"https:\/\/solfmdigital.com\/pasionfm\/wp-json\/wp\/v2\/media\/22118"}],"wp:attachment":[{"href":"https:\/\/solfmdigital.com\/pasionfm\/wp-json\/wp\/v2\/media?parent=22117"}],"wp:term":[{"taxonomy":"category","embeddable":true,"href":"https:\/\/solfmdigital.com\/pasionfm\/wp-json\/wp\/v2\/categories?post=22117"},{"taxonomy":"post_tag","embeddable":true,"href":"https:\/\/solfmdigital.com\/pasionfm\/wp-json\/wp\/v2\/tags?post=22117"}],"curies":[{"name":"wp","href":"https:\/\/api.w.org\/{rel}","templated":true}]}}