{"id":22123,"date":"2026-02-18T17:37:00","date_gmt":"2026-02-18T17:37:00","guid":{"rendered":"http:\/\/solfmdigital.com\/pasionfm\/?guid=d77e51a20d4e1758c60313c4de8a5763"},"modified":"2026-02-18T17:37:00","modified_gmt":"2026-02-18T17:37:00","slug":"dos-de-las-voces-mas-representativas-de-la-musica-latinoamericana-julieta-venegas-y-natalia-lafourcade-unen-su-talento-en-tengo-que-contarte-el-segundo-adelanto-del-proximo-album","status":"publish","type":"post","link":"https:\/\/solfmdigital.com\/pasionfm\/dos-de-las-voces-mas-representativas-de-la-musica-latinoamericana-julieta-venegas-y-natalia-lafourcade-unen-su-talento-en-tengo-que-contarte-el-segundo-adelanto-del-proximo-album\/","title":{"rendered":"Dos de las voces m\u00e1s representativas de la m\u00fasica latinoamericana, Julieta Venegas y Natalia Lafourcade, unen su talento en \u201cTengo Que Contarte\u201d, el segundo adelanto del pr\u00f3ximo \u00e1lbum de Julieta titulado Norte\u00f1a."},"content":{"rendered":"<p>La canci\u00f3n es una pieza que abraza los sonidos del regional mexicano desde una perspectiva contempor\u00e1nea, \u00edntima y profundamente emocional. Construida como una conversaci\u00f3n entre amigas, el tema navega entre la nostalgia y la confesi\u00f3n, retratando ese momento inevitable en el que decir la verdad se convierte en una necesidad del coraz\u00f3n.<\/p>\n<p>En esta colaboraci\u00f3n, la l\u00edrica directa y melanc\u00f3lica de Julieta se entrelaza con la sensibilidad y ra\u00edz folcl\u00f3rica que caracteriza a Natalia, dando como resultado una obra que honra la tradici\u00f3n musical mexicana mientras la proyecta hacia nuevas generaciones y audiencias.<\/p>\n<p>Sobre el significado del tema, Julieta comparte que la canci\u00f3n refleja ese espacio \u00edntimo donde dos amigas hablan sobre la vida, sus cambios y las dificultades que a veces nos dejan sin respuestas. Destaca la importancia de contar con alguien que escuche, que entienda y que ayude a encontrar el camino en medio de la tristeza y la confusi\u00f3n. Con un esp\u00edritu de cantina, la canci\u00f3n evoca ese lugar donde se comparten verdades profundas acompa\u00f1adas de cari\u00f1o y complicidad.<\/p>\n<p>M\u00e1s que un sencillo, \u201cTengo Que Contarte\u201d se convierte en un di\u00e1logo art\u00edstico que celebra la sororidad, la autenticidad y la riqueza sonora de M\u00e9xico, invitando a la audiencia a detenerse, escuchar y conectar con sus propias emociones.<\/p>\n<p>Este lanzamiento llega en un momento destacado para Julieta, quien recientemente fue reconocida con el Premio \u00cdcono durante los TikTok Awards Latinoam\u00e9rica realizados en la Ciudad de M\u00e9xico, mientras contin\u00faa anunciando nuevas fechas de conciertos por el pa\u00eds.<\/p>\n<p>Con esta colaboraci\u00f3n, ambas artistas reafirman su lugar como referentes de la m\u00fasica latinoamericana y demuestran que la amistad, cuando se convierte en canci\u00f3n, puede tocar fibras profundas y trascender fronteras.<\/p>\n<div class=\"separator\" style=\"clear: both;\"><a href=\"https:\/\/blogger.googleusercontent.com\/img\/b\/R29vZ2xl\/AVvXsEgI7mX4XMt4OLNfbWp0oomQIbSDfZcLGx1YDur_LxK7CarYFGM9mICLlHUNkNtCRBS6NmP8leoGnH4w0ErFeQMKM4wIZvSNNI72e84tEWfXgAm9ktoRP3tLDrI-mNVv7m6ZVCYFkckt1j5V04la9w6WWyfAtxrnKTQybzKOrWbEfxPOpFiTZ2sWylTUhGr6\/s1600\/WhatsApp%20Image%202026-02-18%20at%2011.26.32%20AM.jpeg\" style=\"display: block; padding: 1em 0; text-align: center; \"><img decoding=\"async\" alt=\"\" border=\"0\" width=\"320\" data-original-height=\"1600\" data-original-width=\"1600\" src=\"https:\/\/blogger.googleusercontent.com\/img\/b\/R29vZ2xl\/AVvXsEgI7mX4XMt4OLNfbWp0oomQIbSDfZcLGx1YDur_LxK7CarYFGM9mICLlHUNkNtCRBS6NmP8leoGnH4w0ErFeQMKM4wIZvSNNI72e84tEWfXgAm9ktoRP3tLDrI-mNVv7m6ZVCYFkckt1j5V04la9w6WWyfAtxrnKTQybzKOrWbEfxPOpFiTZ2sWylTUhGr6\/s1600\/WhatsApp%20Image%202026-02-18%20at%2011.26.32%20AM.jpeg\"\/><\/a><\/div>\n","protected":false},"excerpt":{"rendered":"<p>La canci\u00f3n es una pieza que abraza los sonidos del regional mexicano desde una perspectiva contempor\u00e1nea, \u00edntima y profundamente emocional. Construida como una conversaci\u00f3n entre amigas, el tema navega entre la nostalgia y la confesi\u00f3n, retratando ese &#8230;<\/p>\n","protected":false},"author":2,"featured_media":22124,"comment_status":"closed","ping_status":"closed","sticky":false,"template":"","format":"standard","meta":{"footnotes":""},"categories":[],"tags":[],"class_list":["post-22123","post","type-post","status-publish","format-standard","has-post-thumbnail","hentry"],"_links":{"self":[{"href":"https:\/\/solfmdigital.com\/pasionfm\/wp-json\/wp\/v2\/posts\/22123","targetHints":{"allow":["GET"]}}],"collection":[{"href":"https:\/\/solfmdigital.com\/pasionfm\/wp-json\/wp\/v2\/posts"}],"about":[{"href":"https:\/\/solfmdigital.com\/pasionfm\/wp-json\/wp\/v2\/types\/post"}],"author":[{"embeddable":true,"href":"https:\/\/solfmdigital.com\/pasionfm\/wp-json\/wp\/v2\/users\/2"}],"replies":[{"embeddable":true,"href":"https:\/\/solfmdigital.com\/pasionfm\/wp-json\/wp\/v2\/comments?post=22123"}],"version-history":[{"count":1,"href":"https:\/\/solfmdigital.com\/pasionfm\/wp-json\/wp\/v2\/posts\/22123\/revisions"}],"predecessor-version":[{"id":22125,"href":"https:\/\/solfmdigital.com\/pasionfm\/wp-json\/wp\/v2\/posts\/22123\/revisions\/22125"}],"wp:featuredmedia":[{"embeddable":true,"href":"https:\/\/solfmdigital.com\/pasionfm\/wp-json\/wp\/v2\/media\/22124"}],"wp:attachment":[{"href":"https:\/\/solfmdigital.com\/pasionfm\/wp-json\/wp\/v2\/media?parent=22123"}],"wp:term":[{"taxonomy":"category","embeddable":true,"href":"https:\/\/solfmdigital.com\/pasionfm\/wp-json\/wp\/v2\/categories?post=22123"},{"taxonomy":"post_tag","embeddable":true,"href":"https:\/\/solfmdigital.com\/pasionfm\/wp-json\/wp\/v2\/tags?post=22123"}],"curies":[{"name":"wp","href":"https:\/\/api.w.org\/{rel}","templated":true}]}}