{"id":22135,"date":"2026-01-26T15:34:00","date_gmt":"2026-01-26T15:34:00","guid":{"rendered":"http:\/\/solfmdigital.com\/pasionfm\/?guid=27b3d533cd50df97df43095273582338"},"modified":"2026-01-26T15:34:00","modified_gmt":"2026-01-26T15:34:00","slug":"dan-garcia-presenta-tal-vez-222-am-pop-que-conecta-con-la-madrugada-2","status":"publish","type":"post","link":"https:\/\/solfmdigital.com\/pasionfm\/dan-garcia-presenta-tal-vez-222-am-pop-que-conecta-con-la-madrugada-2\/","title":{"rendered":"DAN GARC\u00cdA presenta \u201cTAL VEZ (2:22 AM)\u201d, pop que conecta con la madrugada"},"content":{"rendered":"<p>DAN GARC\u00cdA contin\u00faa construyendo el universo de DREAMBOY con el lanzamiento de \u201cTAL VEZ (2:22 AM)\u201d, cuarto sencillo de esta nueva etapa y adelanto de su pr\u00f3ximo \u00e1lbum. El tema fusiona pop y electr\u00f3nica con una carga emocional honesta, inspirada en esos momentos de madrugada donde los pensamientos no paran.<\/p>\n<p>\u201c2:22 AM representa ese instante en el que empiezas a cuestionarte todo\u201d, comparte el artista, quien apuesta por una propuesta m\u00e1s personal y cercana, alej\u00e1ndose de f\u00f3rmulas pasadas para invitar a su p\u00fablico a conocer a fondo el mundo creativo de DREAMBOY.<\/p>\n<p>Tras su regreso en 2025 con este proyecto, DAN GARC\u00cdA reafirma una visi\u00f3n art\u00edstica m\u00e1s introspectiva y madura, donde la m\u00fasica para bailar tambi\u00e9n se convierte en una experiencia emocional.<\/p>\n<div class=\"separator\" style=\"clear: both;\"><a href=\"https:\/\/blogger.googleusercontent.com\/img\/b\/R29vZ2xl\/AVvXsEjizUsgDexVn2MfvBqcI12GQjfDUP-xMtQ_3BEVpUKX7S5yQ22ayhB9yEqKpD17h47OUSag0QYglgegk3jhUB4y9ZufiFR-lm7K8aim2ulwixmoF117NbCt13EoIVsFyzVGmxHM6kvqUuE9voPy1JtUdyUNvdR477viONmCLYK4NgmcwxGhToMWianwX3FV\/s521\/WhatsApp%20Image%202026-01-23%20at%204.52.05%20PM.jpeg\" style=\"display: block; padding: 1em 0; text-align: center; \"><img decoding=\"async\" alt=\"\" border=\"0\" width=\"320\" data-original-height=\"519\" data-original-width=\"521\" src=\"https:\/\/blogger.googleusercontent.com\/img\/b\/R29vZ2xl\/AVvXsEjizUsgDexVn2MfvBqcI12GQjfDUP-xMtQ_3BEVpUKX7S5yQ22ayhB9yEqKpD17h47OUSag0QYglgegk3jhUB4y9ZufiFR-lm7K8aim2ulwixmoF117NbCt13EoIVsFyzVGmxHM6kvqUuE9voPy1JtUdyUNvdR477viONmCLYK4NgmcwxGhToMWianwX3FV\/s1600\/WhatsApp%20Image%202026-01-23%20at%204.52.05%20PM.jpeg\"\/><\/a><\/div>\n","protected":false},"excerpt":{"rendered":"<p>DAN GARC\u00cdA contin\u00faa construyendo el universo de DREAMBOY con el lanzamiento de \u201cTAL VEZ (2:22 AM)\u201d, cuarto sencillo de esta nueva etapa y adelanto de su pr\u00f3ximo \u00e1lbum. El tema fusiona pop y electr\u00f3nica con una carga emocional honesta, inspirada en esos&#8230;<\/p>\n","protected":false},"author":2,"featured_media":22136,"comment_status":"closed","ping_status":"closed","sticky":false,"template":"","format":"standard","meta":{"footnotes":""},"categories":[],"tags":[],"class_list":["post-22135","post","type-post","status-publish","format-standard","has-post-thumbnail","hentry"],"_links":{"self":[{"href":"https:\/\/solfmdigital.com\/pasionfm\/wp-json\/wp\/v2\/posts\/22135","targetHints":{"allow":["GET"]}}],"collection":[{"href":"https:\/\/solfmdigital.com\/pasionfm\/wp-json\/wp\/v2\/posts"}],"about":[{"href":"https:\/\/solfmdigital.com\/pasionfm\/wp-json\/wp\/v2\/types\/post"}],"author":[{"embeddable":true,"href":"https:\/\/solfmdigital.com\/pasionfm\/wp-json\/wp\/v2\/users\/2"}],"replies":[{"embeddable":true,"href":"https:\/\/solfmdigital.com\/pasionfm\/wp-json\/wp\/v2\/comments?post=22135"}],"version-history":[{"count":1,"href":"https:\/\/solfmdigital.com\/pasionfm\/wp-json\/wp\/v2\/posts\/22135\/revisions"}],"predecessor-version":[{"id":22137,"href":"https:\/\/solfmdigital.com\/pasionfm\/wp-json\/wp\/v2\/posts\/22135\/revisions\/22137"}],"wp:featuredmedia":[{"embeddable":true,"href":"https:\/\/solfmdigital.com\/pasionfm\/wp-json\/wp\/v2\/media\/22136"}],"wp:attachment":[{"href":"https:\/\/solfmdigital.com\/pasionfm\/wp-json\/wp\/v2\/media?parent=22135"}],"wp:term":[{"taxonomy":"category","embeddable":true,"href":"https:\/\/solfmdigital.com\/pasionfm\/wp-json\/wp\/v2\/categories?post=22135"},{"taxonomy":"post_tag","embeddable":true,"href":"https:\/\/solfmdigital.com\/pasionfm\/wp-json\/wp\/v2\/tags?post=22135"}],"curies":[{"name":"wp","href":"https:\/\/api.w.org\/{rel}","templated":true}]}}