{"id":22144,"date":"2026-01-20T16:14:00","date_gmt":"2026-01-20T16:14:00","guid":{"rendered":"http:\/\/solfmdigital.com\/pasionfm\/?guid=95c1df50f3df6b2d70ad65fbd7a4d8fc"},"modified":"2026-01-20T16:14:00","modified_gmt":"2026-01-20T16:14:00","slug":"ricardo-montaner-lidera-la-radio-en-mexico-con-el-ultimo-regreso-y-anuncia-gira-nacional-2","status":"publish","type":"post","link":"https:\/\/solfmdigital.com\/pasionfm\/ricardo-montaner-lidera-la-radio-en-mexico-con-el-ultimo-regreso-y-anuncia-gira-nacional-2\/","title":{"rendered":"Ricardo Montaner lidera la radio en M\u00e9xico con \u201cEl \u00daltimo Regreso\u201d y anuncia gira nacional"},"content":{"rendered":"<p>Ricardo Montaner vuelve a hacer historia al posicionarse en el #1 del chart general de la radio en M\u00e9xico con su sencillo \u201cEl \u00daltimo Regreso\u201d, confirmando la vigencia y fuerza emocional de su m\u00fasica.<\/p>\n<p>El tema, cargado de nostalgia, amor y esperanza, refleja la esencia que ha acompa\u00f1ado al artista a lo largo de su carrera y que lo mantiene como una de las voces m\u00e1s queridas de la m\u00fasica en espa\u00f1ol.<\/p>\n<p>En el marco de este logro, Montaner anuncia su gira por M\u00e9xico, que recorrer\u00e1 diversas ciudades del pa\u00eds con un espect\u00e1culo lleno de emoci\u00f3n, grandes cl\u00e1sicos y nuevas canciones. Con este nuevo \u00e9xito y una gira nacional en puerta, el cantautor reafirma su lugar como una figura imprescindible cuya m\u00fasica trasciende generaciones.<\/p>\n<div class=\"separator\" style=\"clear: both;\"><a href=\"https:\/\/blogger.googleusercontent.com\/img\/b\/R29vZ2xl\/AVvXsEgQEyBwcA_DZgGrj4hkcf8gXN-Nt-wKodg3HhPsa0OIY82a7d4PPRa_xovlzBckzEfaFATQVmU8daFFdKlmSP48KX7ZeUaQwZ5KcK41B19QxCGcUq4CXKvSEv9Fz04meEVQQOFc1YPANEVr0JYOXDC_6_Xt0um-06mCqJxDC14QVsAGD5oa9P1NyslwdCAd\/s1000\/qg7aT6JA.jpeg\" style=\"display: block; padding: 1em 0; text-align: center; \"><img decoding=\"async\" alt=\"\" border=\"0\" height=\"320\" data-original-height=\"1000\" data-original-width=\"800\" src=\"https:\/\/blogger.googleusercontent.com\/img\/b\/R29vZ2xl\/AVvXsEgQEyBwcA_DZgGrj4hkcf8gXN-Nt-wKodg3HhPsa0OIY82a7d4PPRa_xovlzBckzEfaFATQVmU8daFFdKlmSP48KX7ZeUaQwZ5KcK41B19QxCGcUq4CXKvSEv9Fz04meEVQQOFc1YPANEVr0JYOXDC_6_Xt0um-06mCqJxDC14QVsAGD5oa9P1NyslwdCAd\/s1600\/qg7aT6JA.jpeg\"\/><\/a><\/div>\n","protected":false},"excerpt":{"rendered":"<p>Ricardo Montaner vuelve a hacer historia al posicionarse en el #1 del chart general de la radio en M\u00e9xico con su sencillo \u201cEl \u00daltimo Regreso\u201d, confirmando la vigencia y fuerza emocional de su m\u00fasica.<\/p>\n<p>El tema, cargado de nostalgia, amor y esperanza, re&#8230;<\/p>\n","protected":false},"author":2,"featured_media":22145,"comment_status":"closed","ping_status":"closed","sticky":false,"template":"","format":"standard","meta":{"footnotes":""},"categories":[],"tags":[],"class_list":["post-22144","post","type-post","status-publish","format-standard","has-post-thumbnail","hentry"],"_links":{"self":[{"href":"https:\/\/solfmdigital.com\/pasionfm\/wp-json\/wp\/v2\/posts\/22144","targetHints":{"allow":["GET"]}}],"collection":[{"href":"https:\/\/solfmdigital.com\/pasionfm\/wp-json\/wp\/v2\/posts"}],"about":[{"href":"https:\/\/solfmdigital.com\/pasionfm\/wp-json\/wp\/v2\/types\/post"}],"author":[{"embeddable":true,"href":"https:\/\/solfmdigital.com\/pasionfm\/wp-json\/wp\/v2\/users\/2"}],"replies":[{"embeddable":true,"href":"https:\/\/solfmdigital.com\/pasionfm\/wp-json\/wp\/v2\/comments?post=22144"}],"version-history":[{"count":1,"href":"https:\/\/solfmdigital.com\/pasionfm\/wp-json\/wp\/v2\/posts\/22144\/revisions"}],"predecessor-version":[{"id":22146,"href":"https:\/\/solfmdigital.com\/pasionfm\/wp-json\/wp\/v2\/posts\/22144\/revisions\/22146"}],"wp:featuredmedia":[{"embeddable":true,"href":"https:\/\/solfmdigital.com\/pasionfm\/wp-json\/wp\/v2\/media\/22145"}],"wp:attachment":[{"href":"https:\/\/solfmdigital.com\/pasionfm\/wp-json\/wp\/v2\/media?parent=22144"}],"wp:term":[{"taxonomy":"category","embeddable":true,"href":"https:\/\/solfmdigital.com\/pasionfm\/wp-json\/wp\/v2\/categories?post=22144"},{"taxonomy":"post_tag","embeddable":true,"href":"https:\/\/solfmdigital.com\/pasionfm\/wp-json\/wp\/v2\/tags?post=22144"}],"curies":[{"name":"wp","href":"https:\/\/api.w.org\/{rel}","templated":true}]}}