{"id":22159,"date":"2026-01-15T19:08:00","date_gmt":"2026-01-15T19:08:00","guid":{"rendered":"http:\/\/solfmdigital.com\/pasionfm\/?guid=bcc2df863910d8665d060d54e71a02f7"},"modified":"2026-01-15T19:08:00","modified_gmt":"2026-01-15T19:08:00","slug":"sin-miedo-al-que-diran-andrea-legarreta-confirma-nueva-etapa-sentimental-2","status":"publish","type":"post","link":"https:\/\/solfmdigital.com\/pasionfm\/sin-miedo-al-que-diran-andrea-legarreta-confirma-nueva-etapa-sentimental-2\/","title":{"rendered":"Sin miedo al qu\u00e9 dir\u00e1n, Andrea Legarreta confirma nueva etapa sentimental"},"content":{"rendered":"<p>Andrea Legarreta vuelve a dar de qu\u00e9 hablar, esta vez lejos de los reflectores y m\u00e1s cerca del ojo p\u00fablico por su vida sentimental. La conductora del programa Hoy confirm\u00f3 que atraviesa una nueva etapa amorosa, desatando una ola de comentarios tras meses de especulaci\u00f3n.<\/p>\n<p>Despu\u00e9s de varios rumores que circularon en redes sociales y programas de espect\u00e1culos, Andrea decidi\u00f3 hablar y aclarar la situaci\u00f3n. La presentadora mantiene una relaci\u00f3n con Luis Carlos Origel, conductor de televisi\u00f3n y entrenador fitness, conocido tambi\u00e9n por ser sobrino del periodista Juan<b> Jos\u00e9 \u201cPepillo\u201d Origel.<\/b><\/p>\n<p>Lejos de ocultarse, Legarreta ha mostrado una actitud tranquila y segura, dejando claro que hoy se permite disfrutar sin preocuparse por las opiniones externas. Aunque ha optado por mantener su romance con discreci\u00f3n, su lenguaje corporal y declaraciones reflejan estabilidad, entusiasmo y una etapa de renovaci\u00f3n personal.<\/p>\n<p>La noticia no pas\u00f3 desapercibida, especialmente por la manera en que surgi\u00f3: preguntas inc\u00f3modas en televisi\u00f3n por parte de sus compa\u00f1eros de trabajo, gestos c\u00f3mplices y apariciones que avivaron la curiosidad del p\u00fablico antes de la confirmaci\u00f3n oficial. Aunque Legarreta ha sido reservada con los detalles, dej\u00f3 claro que hoy vive este romance sin esconderse y sin miedo a las cr\u00edticas.<\/p>\n<div class=\"separator\" style=\"clear: both;\"><a href=\"https:\/\/blogger.googleusercontent.com\/img\/b\/R29vZ2xl\/AVvXsEhmEVeDfJ9Bnvvs_xM0bddz2-i4KBLfVi2vvakuRTAV2ve00qHHHdbw-fXdMQybXFSAMF5iloxTXrLe01aAqbT-ql5EZRrLa6lWhBXpKQmVJr5G8DTXog44XnmLI8rAl4h1W8z2vMIj7fkEAU65PpcNCZb9CSx0t56ig2cpFro8R2NJblBycMx0DtBxVPxs\/s992\/andrea-legarreta-comparte-una-foto-familiar-junto-.webp\" style=\"display: block; padding: 1em 0; text-align: center; \"><img decoding=\"async\" alt=\"\" border=\"0\" width=\"320\" data-original-height=\"595\" data-original-width=\"992\" src=\"https:\/\/blogger.googleusercontent.com\/img\/b\/R29vZ2xl\/AVvXsEhmEVeDfJ9Bnvvs_xM0bddz2-i4KBLfVi2vvakuRTAV2ve00qHHHdbw-fXdMQybXFSAMF5iloxTXrLe01aAqbT-ql5EZRrLa6lWhBXpKQmVJr5G8DTXog44XnmLI8rAl4h1W8z2vMIj7fkEAU65PpcNCZb9CSx0t56ig2cpFro8R2NJblBycMx0DtBxVPxs\/s1600\/andrea-legarreta-comparte-una-foto-familiar-junto-.webp\"\/><\/a><\/div>\n<p>(V\u00eda internet)<\/p>\n","protected":false},"excerpt":{"rendered":"<p>Andrea Legarreta vuelve a dar de qu\u00e9 hablar, esta vez lejos de los reflectores y m\u00e1s cerca del ojo p\u00fablico por su vida sentimental. La conductora del programa Hoy confirm\u00f3 que atraviesa una nueva etapa amorosa, desatando una ola de comentarios tras mes&#8230;<\/p>\n","protected":false},"author":2,"featured_media":22160,"comment_status":"closed","ping_status":"closed","sticky":false,"template":"","format":"standard","meta":{"footnotes":""},"categories":[213,214,215,216],"tags":[],"class_list":["post-22159","post","type-post","status-publish","format-standard","has-post-thumbnail","hentry","category-andrea-legarrreta","category-noviazgo","category-origel","category-romance"],"_links":{"self":[{"href":"https:\/\/solfmdigital.com\/pasionfm\/wp-json\/wp\/v2\/posts\/22159","targetHints":{"allow":["GET"]}}],"collection":[{"href":"https:\/\/solfmdigital.com\/pasionfm\/wp-json\/wp\/v2\/posts"}],"about":[{"href":"https:\/\/solfmdigital.com\/pasionfm\/wp-json\/wp\/v2\/types\/post"}],"author":[{"embeddable":true,"href":"https:\/\/solfmdigital.com\/pasionfm\/wp-json\/wp\/v2\/users\/2"}],"replies":[{"embeddable":true,"href":"https:\/\/solfmdigital.com\/pasionfm\/wp-json\/wp\/v2\/comments?post=22159"}],"version-history":[{"count":1,"href":"https:\/\/solfmdigital.com\/pasionfm\/wp-json\/wp\/v2\/posts\/22159\/revisions"}],"predecessor-version":[{"id":22161,"href":"https:\/\/solfmdigital.com\/pasionfm\/wp-json\/wp\/v2\/posts\/22159\/revisions\/22161"}],"wp:featuredmedia":[{"embeddable":true,"href":"https:\/\/solfmdigital.com\/pasionfm\/wp-json\/wp\/v2\/media\/22160"}],"wp:attachment":[{"href":"https:\/\/solfmdigital.com\/pasionfm\/wp-json\/wp\/v2\/media?parent=22159"}],"wp:term":[{"taxonomy":"category","embeddable":true,"href":"https:\/\/solfmdigital.com\/pasionfm\/wp-json\/wp\/v2\/categories?post=22159"},{"taxonomy":"post_tag","embeddable":true,"href":"https:\/\/solfmdigital.com\/pasionfm\/wp-json\/wp\/v2\/tags?post=22159"}],"curies":[{"name":"wp","href":"https:\/\/api.w.org\/{rel}","templated":true}]}}