{"id":22177,"date":"2025-11-26T19:46:04","date_gmt":"2025-11-26T19:46:04","guid":{"rendered":"http:\/\/solfmdigital.com\/pasionfm\/?guid=f00818dba0851e429b218a58fc73f0d7"},"modified":"2025-11-26T19:46:04","modified_gmt":"2025-11-26T19:46:04","slug":"aislinn-derbez-confirma-la-muerte-de-su-madre-gabriela-michel-y-revela-la-causa-del-fallecimiento-2","status":"publish","type":"post","link":"https:\/\/solfmdigital.com\/pasionfm\/aislinn-derbez-confirma-la-muerte-de-su-madre-gabriela-michel-y-revela-la-causa-del-fallecimiento-2\/","title":{"rendered":"Aislinn Derbez confirma la muerte de su madre, Gabriela Michel, y revela la causa del fallecimiento"},"content":{"rendered":"<p>Este 24 de noviembre se dio a conocer el fallecimiento de la actriz Gabriela Michel, madre de Aislinn Derbez. Tras horas de incertidumbre y versiones no confirmadas, la propia Aislinn rompi\u00f3 el silencio y comparti\u00f3 un mensaje en redes sociales en el que confirm\u00f3 la noticia y explic\u00f3 la verdadera causa de la muerte.<\/p>\n<p>La primera en difundir la informaci\u00f3n fue la creadora de contenido Chamonic, quien report\u00f3 que Michel, de 65 a\u00f1os, habr\u00eda sufrido un accidente dom\u00e9stico en su casa en la Ciudad de M\u00e9xico. No obstante, ning\u00fan familiar hab\u00eda hecho una declaraci\u00f3n oficial en ese momento.<\/p>\n<p>M\u00e1s tarde, la Asociaci\u00f3n Nacional de Int\u00e9rpretes (ANDI) emiti\u00f3 un comunicado lamentando el deceso de su socia int\u00e9rprete, enviando condolencias a familiares y amigos.<\/p>\n<p>Horas despu\u00e9s, Aislinn Derbez utiliz\u00f3 su cuenta oficial de Instagram para confirmar el fallecimiento de su madre y aclarar que la causa fue un infarto, descartando as\u00ed versiones previas.<\/p>\n<p>\u201cAgradezco de coraz\u00f3n todas las muestras de cari\u00f1o que he recibido. Con profunda tristeza comparto que mi mam\u00e1 falleci\u00f3 a causa de un infarto\u201d, escribi\u00f3 la actriz.<\/p>\n<p>Aislinn tambi\u00e9n pidi\u00f3 comprensi\u00f3n y respeto en este momento tan doloroso para su familia:<\/p>\n<p>\u201cEn este momento necesito vivir mi duelo en paz, en compa\u00f1\u00eda de mi familia, y procesar esta despedida desde un lugar de amor. Les agradezco su respeto. Gracias por acompa\u00f1arnos con sensibilidad en este momento tan delicado\u201d.<\/p>\n<p>La noticia ha generado numerosas muestras de apoyo hacia la actriz y toda la familia Derbez, quienes atraviesan una de las p\u00e9rdidas m\u00e1s dif\u00edciles de su vida. <\/p>\n<div class=\"separator\" style=\"clear: both;\"><a href=\"https:\/\/blogger.googleusercontent.com\/img\/b\/R29vZ2xl\/AVvXsEgk_3ramcJAo3lBH0neZVAGDktT7toeMGnJkvg_n_WgEOPf23H-QtJjKOYM6jUZ6gFZhXAxcZa8sYRpT4GsBDBnBz2aA3RnFGti8waVwCitFSlPDBGNzxkrD2ui0GpAMQySV5w8pJ813Eh5tVBKq9SScLfDLZzeXDOCvBCHBpi1u7Id_dWag90hk6T2qAn-\/s3260\/AISLINN_DERBEZ-e1764078262555.webp\" style=\"display: block; padding: 1em 0; text-align: center; \"><img decoding=\"async\" alt=\"\" border=\"0\" width=\"320\" data-original-height=\"1905\" data-original-width=\"3260\" src=\"https:\/\/blogger.googleusercontent.com\/img\/b\/R29vZ2xl\/AVvXsEgk_3ramcJAo3lBH0neZVAGDktT7toeMGnJkvg_n_WgEOPf23H-QtJjKOYM6jUZ6gFZhXAxcZa8sYRpT4GsBDBnBz2aA3RnFGti8waVwCitFSlPDBGNzxkrD2ui0GpAMQySV5w8pJ813Eh5tVBKq9SScLfDLZzeXDOCvBCHBpi1u7Id_dWag90hk6T2qAn-\/s1600\/AISLINN_DERBEZ-e1764078262555.webp\"\/><\/a><\/div>\n","protected":false},"excerpt":{"rendered":"<p>Este 24 de noviembre se dio a conocer el fallecimiento de la actriz Gabriela Michel, madre de Aislinn Derbez. Tras horas de incertidumbre y versiones no confirmadas, la propia Aislinn rompi\u00f3 el silencio y comparti\u00f3 un mensaje en redes sociales en el qu&#8230;<\/p>\n","protected":false},"author":2,"featured_media":22178,"comment_status":"closed","ping_status":"closed","sticky":false,"template":"","format":"standard","meta":{"footnotes":""},"categories":[],"tags":[],"class_list":["post-22177","post","type-post","status-publish","format-standard","has-post-thumbnail","hentry"],"_links":{"self":[{"href":"https:\/\/solfmdigital.com\/pasionfm\/wp-json\/wp\/v2\/posts\/22177","targetHints":{"allow":["GET"]}}],"collection":[{"href":"https:\/\/solfmdigital.com\/pasionfm\/wp-json\/wp\/v2\/posts"}],"about":[{"href":"https:\/\/solfmdigital.com\/pasionfm\/wp-json\/wp\/v2\/types\/post"}],"author":[{"embeddable":true,"href":"https:\/\/solfmdigital.com\/pasionfm\/wp-json\/wp\/v2\/users\/2"}],"replies":[{"embeddable":true,"href":"https:\/\/solfmdigital.com\/pasionfm\/wp-json\/wp\/v2\/comments?post=22177"}],"version-history":[{"count":1,"href":"https:\/\/solfmdigital.com\/pasionfm\/wp-json\/wp\/v2\/posts\/22177\/revisions"}],"predecessor-version":[{"id":22179,"href":"https:\/\/solfmdigital.com\/pasionfm\/wp-json\/wp\/v2\/posts\/22177\/revisions\/22179"}],"wp:featuredmedia":[{"embeddable":true,"href":"https:\/\/solfmdigital.com\/pasionfm\/wp-json\/wp\/v2\/media\/22178"}],"wp:attachment":[{"href":"https:\/\/solfmdigital.com\/pasionfm\/wp-json\/wp\/v2\/media?parent=22177"}],"wp:term":[{"taxonomy":"category","embeddable":true,"href":"https:\/\/solfmdigital.com\/pasionfm\/wp-json\/wp\/v2\/categories?post=22177"},{"taxonomy":"post_tag","embeddable":true,"href":"https:\/\/solfmdigital.com\/pasionfm\/wp-json\/wp\/v2\/tags?post=22177"}],"curies":[{"name":"wp","href":"https:\/\/api.w.org\/{rel}","templated":true}]}}