{"id":22336,"date":"2026-03-09T23:53:07","date_gmt":"2026-03-09T23:53:07","guid":{"rendered":"http:\/\/solfmdigital.com\/pasionfm\/?guid=058b8e1ed3086358b924853f2e8da4b0"},"modified":"2026-03-09T23:53:07","modified_gmt":"2026-03-09T23:53:07","slug":"jenni-rivera-revive-su-legado-con-la-gran-senora-banda-en-cd-y-vinilo","status":"publish","type":"post","link":"https:\/\/solfmdigital.com\/pasionfm\/jenni-rivera-revive-su-legado-con-la-gran-senora-banda-en-cd-y-vinilo\/","title":{"rendered":"Jenni Rivera revive su legado con \u201cLa Gran Se\u00f1ora \u2013 Banda\u201d en CD y vinilo"},"content":{"rendered":"<p>A 16 a\u00f1os de su ic\u00f3nico \u00e1lbum, Jenni Rivera contin\u00faa conquistando a sus fans con el lanzamiento de \u201cLa Gran Se\u00f1ora \u2013 Banda\u201d, disponible en CD y vinilo. Esta edici\u00f3n especial ofrece los \u00e9xitos m\u00e1s emblem\u00e1ticos de la Diva de la Banda con poderosos arreglos en banda, manteniendo la fuerza y autenticidad de su voz.<\/p>\n<p>Producido por el ganador del Latin GRAMMY Luciano Luna, el \u00e1lbum incluye grabaciones y frases in\u00e9ditas, invitando a los fans a revivir canciones como \u201cYo Soy Una Mujer\u201d, \u201cLa Gran Se\u00f1ora\u201d y \u201cNo Llega El Olvido\u201d. Disponible en l\u00ednea en Amazon y jenniriverafashion.com, as\u00ed como en tiendas f\u00edsicas de Estados Unidos, este lanzamiento celebra el legado de una de las figuras m\u00e1s influyentes de la m\u00fasica regional mexicana.<\/p>\n<div class=\"separator\" style=\"clear: both;\"><a href=\"https:\/\/blogger.googleusercontent.com\/img\/b\/R29vZ2xl\/AVvXsEho7EXtCklwmSeF3yrfUo4XSXEPEKO490mi52pTiwOE-5eMs8a3HVk4S4XpJ51lc8mZCVRWZn0RMDuAZmfQyetnCt5BGKFeViveB3fbz5_-_6aIOEve0sGnAO1tVdJv1Dfz5hOa7JiAW5CIdYa83wsArYs_4z6jiHYfEzOorspON4T-TO-Go81Ds5bkQLBP\/s1600\/WhatsApp%20Image%202026-03-09%20at%205.35.26%20PM.jpeg\" style=\"display: block; padding: 1em 0; text-align: center; \"><img decoding=\"async\" alt=\"\" border=\"0\" height=\"320\" data-original-height=\"1600\" data-original-width=\"1064\" src=\"https:\/\/blogger.googleusercontent.com\/img\/b\/R29vZ2xl\/AVvXsEho7EXtCklwmSeF3yrfUo4XSXEPEKO490mi52pTiwOE-5eMs8a3HVk4S4XpJ51lc8mZCVRWZn0RMDuAZmfQyetnCt5BGKFeViveB3fbz5_-_6aIOEve0sGnAO1tVdJv1Dfz5hOa7JiAW5CIdYa83wsArYs_4z6jiHYfEzOorspON4T-TO-Go81Ds5bkQLBP\/s1600\/WhatsApp%20Image%202026-03-09%20at%205.35.26%20PM.jpeg\"\/><\/a><\/div>\n","protected":false},"excerpt":{"rendered":"<p>A 16 a\u00f1os de su ic\u00f3nico \u00e1lbum, Jenni Rivera contin\u00faa conquistando a sus fans con el lanzamiento de \u201cLa Gran Se\u00f1ora \u2013 Banda\u201d, disponible en CD y vinilo. Esta edici\u00f3n especial ofrece los \u00e9xitos m\u00e1s emblem\u00e1ticos de la Diva de la Banda con poderosos arregl&#8230;<\/p>\n","protected":false},"author":2,"featured_media":22339,"comment_status":"closed","ping_status":"closed","sticky":false,"template":"","format":"standard","meta":{"footnotes":""},"categories":[],"tags":[],"class_list":["post-22336","post","type-post","status-publish","format-standard","has-post-thumbnail","hentry"],"_links":{"self":[{"href":"https:\/\/solfmdigital.com\/pasionfm\/wp-json\/wp\/v2\/posts\/22336","targetHints":{"allow":["GET"]}}],"collection":[{"href":"https:\/\/solfmdigital.com\/pasionfm\/wp-json\/wp\/v2\/posts"}],"about":[{"href":"https:\/\/solfmdigital.com\/pasionfm\/wp-json\/wp\/v2\/types\/post"}],"author":[{"embeddable":true,"href":"https:\/\/solfmdigital.com\/pasionfm\/wp-json\/wp\/v2\/users\/2"}],"replies":[{"embeddable":true,"href":"https:\/\/solfmdigital.com\/pasionfm\/wp-json\/wp\/v2\/comments?post=22336"}],"version-history":[{"count":1,"href":"https:\/\/solfmdigital.com\/pasionfm\/wp-json\/wp\/v2\/posts\/22336\/revisions"}],"predecessor-version":[{"id":22341,"href":"https:\/\/solfmdigital.com\/pasionfm\/wp-json\/wp\/v2\/posts\/22336\/revisions\/22341"}],"wp:featuredmedia":[{"embeddable":true,"href":"https:\/\/solfmdigital.com\/pasionfm\/wp-json\/wp\/v2\/media\/22339"}],"wp:attachment":[{"href":"https:\/\/solfmdigital.com\/pasionfm\/wp-json\/wp\/v2\/media?parent=22336"}],"wp:term":[{"taxonomy":"category","embeddable":true,"href":"https:\/\/solfmdigital.com\/pasionfm\/wp-json\/wp\/v2\/categories?post=22336"},{"taxonomy":"post_tag","embeddable":true,"href":"https:\/\/solfmdigital.com\/pasionfm\/wp-json\/wp\/v2\/tags?post=22336"}],"curies":[{"name":"wp","href":"https:\/\/api.w.org\/{rel}","templated":true}]}}